{"id":981,"date":"2020-12-12T15:41:46","date_gmt":"2020-12-12T14:41:46","guid":{"rendered":"http:\/\/schuetzenverein-pegau.de\/?p=981"},"modified":"2020-12-12T15:41:48","modified_gmt":"2020-12-12T14:41:48","slug":"im-zeichen-von-corona-2","status":"publish","type":"post","link":"https:\/\/schuetzenverein-pegau.de\/?p=981","title":{"rendered":"Im Zeichen von Corona"},"content":{"rendered":"\n<p>Der Lockdown seit dem 2.11.2020 hat jegliche aktive Vereinst\u00e4tigkeit zum Erliegen gebracht. <br>Deshalb heute mal etwas Geschichtliches. Schon seit dem fr\u00fchen Mittelalter mussten sich die St\u00e4dte gegen Angriffe selbst verteidigen. So war jeder Mann, Stadtb\u00fcrger, zur \u00dcbung im Waffenhandwerk verpflichtet. Sp\u00e4ter, im 19. Jahrhundert, entstanden aus den Wehren Vereine, die die inzwischen zum Brauchtum gewordene Tradition pflegten.<\/p>\n\n\n\n<p>Zeittafel:<br>1444 Ersterw\u00e4hnung der Pegauer Armbrustsch\u00fctzen anl\u00e4sslich der Teilnahme am Wettschie\u00dfen, \u201a<em>umb Kleynot scho\u00dfen<\/em>\u2018 in Mittweida.<br>1472 Bericht \u00fcber ein gro\u00dfes\u00a0 Sch\u00fctzenfest<br>1610 \u00c4lteste Erw\u00e4hnung \u201aVogelschie\u00dfen\u2018 <\/p>\n\n\n\n<div class=\"wp-block-image\"><figure class=\"alignleft size-large is-resized\"><img data-recalc-dims=\"1\" loading=\"lazy\" decoding=\"async\" src=\"https:\/\/i0.wp.com\/schuetzenverein-pegau.de\/wp-content\/uploads\/2020\/12\/Schiesshaus.jpg?resize=231%2C190&#038;ssl=1\" alt=\"\" class=\"wp-image-983\" width=\"231\" height=\"190\" srcset=\"https:\/\/i0.wp.com\/schuetzenverein-pegau.de\/wp-content\/uploads\/2020\/12\/Schiesshaus.jpg?w=405&amp;ssl=1 405w, https:\/\/i0.wp.com\/schuetzenverein-pegau.de\/wp-content\/uploads\/2020\/12\/Schiesshaus.jpg?resize=300%2C247&amp;ssl=1 300w\" sizes=\"auto, (max-width: 231px) 100vw, 231px\" \/><\/figure><\/div>\n\n\n\n<p>1644 Verteidigung gegen die Schweden mit 128 Mann und 51 in Reserve. Pegau wurde durch die \u00fcberw\u00e4ltigende Streitmacht des Generals Torstensen zerst\u00f6rt.<br>1738 Pegauer Rat beschlie\u00dft Sch\u00fctzenordnung.<br>1749 Neues Schie\u00dfhaus an der Br\u00fccke vorm Leipziger Tor (heut. Sch\u00fctzenplatz)<br>1789 Erlaubnis des Kurf\u00fcrsten zur j\u00e4hrlichen Durchf\u00fchrung des Vogelschie\u00dfens<br>1861 am 11.Juli Gr\u00fcndung Deutscher Sch\u00fctzenbund<br>1928 Wechsel der Uniform von schwarz-wei\u00df zu j\u00e4ger-gr\u00fcn (wie heute)<br>1944 Feier zum 500-j\u00e4hrigen Bestehen, letzte K\u00f6nigsschie\u00dfen auf einen Adler, Spannweite bis 5m<\/p>\n\n\n\n<div class=\"wp-block-image\"><figure class=\"alignleft size-large is-resized\"><img data-recalc-dims=\"1\" loading=\"lazy\" decoding=\"async\" src=\"https:\/\/i0.wp.com\/schuetzenverein-pegau.de\/wp-content\/uploads\/2020\/12\/Vogel.jpg?resize=237%2C230&#038;ssl=1\" alt=\"\" class=\"wp-image-984\" width=\"237\" height=\"230\" srcset=\"https:\/\/i0.wp.com\/schuetzenverein-pegau.de\/wp-content\/uploads\/2020\/12\/Vogel.jpg?w=1008&amp;ssl=1 1008w, https:\/\/i0.wp.com\/schuetzenverein-pegau.de\/wp-content\/uploads\/2020\/12\/Vogel.jpg?resize=300%2C291&amp;ssl=1 300w, https:\/\/i0.wp.com\/schuetzenverein-pegau.de\/wp-content\/uploads\/2020\/12\/Vogel.jpg?resize=768%2C746&amp;ssl=1 768w\" sizes=\"auto, (max-width: 237px) 100vw, 237px\" \/><\/figure><\/div>\n\n\n\n<figure class=\"wp-block-image size-large is-resized\"><img data-recalc-dims=\"1\" loading=\"lazy\" decoding=\"async\" src=\"https:\/\/i0.wp.com\/schuetzenverein-pegau.de\/wp-content\/uploads\/2020\/12\/Scheibe.jpg?resize=211%2C231&#038;ssl=1\" alt=\"\" class=\"wp-image-985\" width=\"211\" height=\"231\" srcset=\"https:\/\/i0.wp.com\/schuetzenverein-pegau.de\/wp-content\/uploads\/2020\/12\/Scheibe.jpg?w=488&amp;ssl=1 488w, https:\/\/i0.wp.com\/schuetzenverein-pegau.de\/wp-content\/uploads\/2020\/12\/Scheibe.jpg?resize=273%2C300&amp;ssl=1 273w\" sizes=\"auto, (max-width: 211px) 100vw, 211px\" \/><\/figure>\n\n\n\n<p><br>1945 bis 1990 Verbot des vereinsgebundenen Sch\u00fctzenwesens<br>1990 am 27.11. Wiedergr\u00fcndung der Sch\u00fctzengesellschaft zu Pegau als Allgemeiner Sch\u00fctzenverein zu Pegau 1444\/1990 e.V.<br>2020 30-j\u00e4hriges Jubil\u00e4um der Wiedergr\u00fcndung, was wegen Corona ausfallen musste.<\/p>\n\n\n\n<p style=\"font-size:11px\">Entnommen dem Heimatblatt 4\/1990, Autor Tylo Peter<\/p>\n\n\n\n<p style=\"font-size:11px\">H. Schubert im November 2020<br><\/p>\n","protected":false},"excerpt":{"rendered":"<p>Der Lockdown seit dem 2.11.2020 hat jegliche aktive Vereinst\u00e4tigkeit zum Erliegen gebracht. Deshalb heute mal etwas Geschichtliches. Schon seit dem fr\u00fchen Mittelalter mussten sich die St\u00e4dte gegen Angriffe selbst verteidigen. So war jeder Mann, Stadtb\u00fcrger, zur \u00dcbung im Waffenhandwerk verpflichtet. Sp\u00e4ter, im 19. Jahrhundert, entstanden aus den Wehren Vereine, die die inzwischen zum Brauchtum gewordene &hellip; <\/p>\n<p class=\"link-more\"><a href=\"https:\/\/schuetzenverein-pegau.de\/?p=981\" class=\"more-link\"><span class=\"screen-reader-text\">\u201eIm Zeichen von Corona\u201c <\/span>weiterlesen<\/a><\/p>\n","protected":false},"author":4,"featured_media":0,"comment_status":"closed","ping_status":"open","sticky":false,"template":"","format":"standard","meta":{"advanced_seo_description":"","jetpack_seo_html_title":"","jetpack_seo_noindex":false,"_jetpack_memberships_contains_paid_content":false,"footnotes":"","jetpack_publicize_message":"","jetpack_publicize_feature_enabled":true,"jetpack_social_post_already_shared":false,"jetpack_social_options":{"image_generator_settings":{"template":"highway","default_image_id":0,"font":"","enabled":false},"version":2}},"categories":[1],"tags":[11,7,9,8,10],"class_list":["post-981","post","type-post","status-publish","format-standard","hentry","category-uncategorized","tag-1444-1990-e-v","tag-corona","tag-mittweida","tag-pegau","tag-schuetzenverein"],"jetpack_publicize_connections":[],"jetpack_featured_media_url":"","jetpack_sharing_enabled":true,"jetpack_likes_enabled":true,"_links":{"self":[{"href":"https:\/\/schuetzenverein-pegau.de\/index.php?rest_route=\/wp\/v2\/posts\/981","targetHints":{"allow":["GET"]}}],"collection":[{"href":"https:\/\/schuetzenverein-pegau.de\/index.php?rest_route=\/wp\/v2\/posts"}],"about":[{"href":"https:\/\/schuetzenverein-pegau.de\/index.php?rest_route=\/wp\/v2\/types\/post"}],"author":[{"embeddable":true,"href":"https:\/\/schuetzenverein-pegau.de\/index.php?rest_route=\/wp\/v2\/users\/4"}],"replies":[{"embeddable":true,"href":"https:\/\/schuetzenverein-pegau.de\/index.php?rest_route=%2Fwp%2Fv2%2Fcomments&post=981"}],"version-history":[{"count":2,"href":"https:\/\/schuetzenverein-pegau.de\/index.php?rest_route=\/wp\/v2\/posts\/981\/revisions"}],"predecessor-version":[{"id":986,"href":"https:\/\/schuetzenverein-pegau.de\/index.php?rest_route=\/wp\/v2\/posts\/981\/revisions\/986"}],"wp:attachment":[{"href":"https:\/\/schuetzenverein-pegau.de\/index.php?rest_route=%2Fwp%2Fv2%2Fmedia&parent=981"}],"wp:term":[{"taxonomy":"category","embeddable":true,"href":"https:\/\/schuetzenverein-pegau.de\/index.php?rest_route=%2Fwp%2Fv2%2Fcategories&post=981"},{"taxonomy":"post_tag","embeddable":true,"href":"https:\/\/schuetzenverein-pegau.de\/index.php?rest_route=%2Fwp%2Fv2%2Ftags&post=981"}],"curies":[{"name":"wp","href":"https:\/\/api.w.org\/{rel}","templated":true}]}}