{"id":914,"date":"2020-08-05T08:32:12","date_gmt":"2020-08-05T07:32:12","guid":{"rendered":"http:\/\/schuetzenverein-pegau.de\/?p=914"},"modified":"2020-08-05T08:57:36","modified_gmt":"2020-08-05T07:57:36","slug":"schuetzenfest-2020","status":"publish","type":"post","link":"https:\/\/schuetzenverein-pegau.de\/?p=914","title":{"rendered":"Sch\u00fctzenfest 2020"},"content":{"rendered":"\n<div class=\"wp-block-image\"><figure class=\"alignleft size-large is-resized\"><img data-recalc-dims=\"1\" loading=\"lazy\" decoding=\"async\" src=\"https:\/\/i0.wp.com\/schuetzenverein-pegau.de\/wp-content\/uploads\/2020\/08\/98282837-72ca-4233-9127-345343ee7907-Kopie-1.jpg?resize=161%2C256&#038;ssl=1\" alt=\"\" class=\"wp-image-915\" width=\"161\" height=\"256\" srcset=\"https:\/\/i0.wp.com\/schuetzenverein-pegau.de\/wp-content\/uploads\/2020\/08\/98282837-72ca-4233-9127-345343ee7907-Kopie-1.jpg?resize=643%2C1024&amp;ssl=1 643w, https:\/\/i0.wp.com\/schuetzenverein-pegau.de\/wp-content\/uploads\/2020\/08\/98282837-72ca-4233-9127-345343ee7907-Kopie-1.jpg?resize=188%2C300&amp;ssl=1 188w, https:\/\/i0.wp.com\/schuetzenverein-pegau.de\/wp-content\/uploads\/2020\/08\/98282837-72ca-4233-9127-345343ee7907-Kopie-1.jpg?resize=768%2C1223&amp;ssl=1 768w, https:\/\/i0.wp.com\/schuetzenverein-pegau.de\/wp-content\/uploads\/2020\/08\/98282837-72ca-4233-9127-345343ee7907-Kopie-1.jpg?w=811&amp;ssl=1 811w\" sizes=\"auto, (max-width: 161px) 100vw, 161px\" \/><\/figure><\/div>\n\n\n\n<p>Nach der Ersterw\u00e4hnung der Pegauer Pfeilsch\u00fctzen 1444 und des Fortbestandes durch die Jahrhunderte gab es eine Zwangspause, 1945 bis 1990, und jetzt wieder durch Corona. Dennoch k\u00f6nnten wir unter Beachtung der Hygienevorschriften unser Sch\u00fctzenfest, diesmal leider nur intern und im kleinen Kreis, durchf\u00fchren. <\/p>\n\n\n\n<p>Am Freitag fand der Wettkampf zur Bestimmung des Kinder- und Jugendk\u00f6nigs statt. Am Samstag war es nach gut vier Stunden war es soweit Pegau hat einen neuen Sch\u00fctzenk\u00f6nig. <\/p>\n\n\n\n<p>Um 18:00 Uhr trafen wir uns zum allj\u00e4hrlichen Fototermin diesmal an der Kirche. W\u00e4hrend des K\u00f6nigsschie\u00dfens wurde auch die Ermittlung des Vereinsmeisters nachgeholt. <\/p>\n\n\n\n<p>Der Rundenwettkampf, Groitzsch, Pegau, R\u00f6tha und Zwenkau, wird auf 2021 verschoben. Der Nachholetermin f\u00fcr unser Vereinsjubil\u00e4um, 30-j\u00e4hriges Bestehen seit Wiedergr\u00fcndung 1990, steht noch nicht fest.<\/p>\n","protected":false},"excerpt":{"rendered":"<p>Nach der Ersterw\u00e4hnung der Pegauer Pfeilsch\u00fctzen 1444 und des Fortbestandes durch die Jahrhunderte gab es eine Zwangspause, 1945 bis 1990, und jetzt wieder durch Corona. Dennoch k\u00f6nnten wir unter Beachtung der Hygienevorschriften unser Sch\u00fctzenfest, diesmal leider nur intern und im kleinen Kreis, durchf\u00fchren. Am Freitag fand der Wettkampf zur Bestimmung des Kinder- und Jugendk\u00f6nigs statt. &hellip; <\/p>\n<p class=\"link-more\"><a href=\"https:\/\/schuetzenverein-pegau.de\/?p=914\" class=\"more-link\"><span class=\"screen-reader-text\">\u201eSch\u00fctzenfest 2020\u201c <\/span>weiterlesen<\/a><\/p>\n","protected":false},"author":3,"featured_media":0,"comment_status":"closed","ping_status":"open","sticky":false,"template":"","format":"standard","meta":{"advanced_seo_description":"","jetpack_seo_html_title":"","jetpack_seo_noindex":false,"_jetpack_memberships_contains_paid_content":false,"footnotes":"","jetpack_publicize_message":"","jetpack_publicize_feature_enabled":true,"jetpack_social_post_already_shared":false,"jetpack_social_options":{"image_generator_settings":{"template":"highway","default_image_id":0,"font":"","enabled":false},"version":2}},"categories":[1],"tags":[],"class_list":["post-914","post","type-post","status-publish","format-standard","hentry","category-uncategorized"],"jetpack_publicize_connections":[],"jetpack_featured_media_url":"","jetpack_sharing_enabled":true,"jetpack_likes_enabled":true,"_links":{"self":[{"href":"https:\/\/schuetzenverein-pegau.de\/index.php?rest_route=\/wp\/v2\/posts\/914","targetHints":{"allow":["GET"]}}],"collection":[{"href":"https:\/\/schuetzenverein-pegau.de\/index.php?rest_route=\/wp\/v2\/posts"}],"about":[{"href":"https:\/\/schuetzenverein-pegau.de\/index.php?rest_route=\/wp\/v2\/types\/post"}],"author":[{"embeddable":true,"href":"https:\/\/schuetzenverein-pegau.de\/index.php?rest_route=\/wp\/v2\/users\/3"}],"replies":[{"embeddable":true,"href":"https:\/\/schuetzenverein-pegau.de\/index.php?rest_route=%2Fwp%2Fv2%2Fcomments&post=914"}],"version-history":[{"count":4,"href":"https:\/\/schuetzenverein-pegau.de\/index.php?rest_route=\/wp\/v2\/posts\/914\/revisions"}],"predecessor-version":[{"id":919,"href":"https:\/\/schuetzenverein-pegau.de\/index.php?rest_route=\/wp\/v2\/posts\/914\/revisions\/919"}],"wp:attachment":[{"href":"https:\/\/schuetzenverein-pegau.de\/index.php?rest_route=%2Fwp%2Fv2%2Fmedia&parent=914"}],"wp:term":[{"taxonomy":"category","embeddable":true,"href":"https:\/\/schuetzenverein-pegau.de\/index.php?rest_route=%2Fwp%2Fv2%2Fcategories&post=914"},{"taxonomy":"post_tag","embeddable":true,"href":"https:\/\/schuetzenverein-pegau.de\/index.php?rest_route=%2Fwp%2Fv2%2Ftags&post=914"}],"curies":[{"name":"wp","href":"https:\/\/api.w.org\/{rel}","templated":true}]}}