{"id":832,"date":"2020-07-11T09:19:48","date_gmt":"2020-07-11T08:19:48","guid":{"rendered":"http:\/\/schuetzenverein-pegau.de\/?p=832"},"modified":"2020-07-11T09:19:48","modified_gmt":"2020-07-11T08:19:48","slug":"im-zeichen-von-corona-juli-2020","status":"publish","type":"post","link":"https:\/\/schuetzenverein-pegau.de\/?p=832","title":{"rendered":"Im Zeichen von Corona &#8211; Juli 2020"},"content":{"rendered":"<p>Die Stilllegung des Vereinslebens wird unter strenger Einhaltung der Auflagen schrittweise aufgehoben. Der Trainingsbetrieb, mit Mundschutz und Abstand, ist wieder m\u00f6glich. So fand auch die Versammlung Juli, wie geplant am Donnerstag 2.7.2020, statt mit den\u00a0 Schwerpunkten: Jahreshauptversammlung und Sch\u00fctzenfest. Nach der Ersterw\u00e4hnung der Pegauer Pfeilsch\u00fctzen 1444 und des Fortbestandes durch die Jahrhunderte gab es eine Zwangspause, 1945 bis 1990, und jetzt wieder durch Corona, hoffentlich bald vor\u00fcber. Die Vorbereitungen des Sch\u00fctzenfestes, das 2020 vom 31.7. bis zum 2.8. in alter Tradition stattfinden soll, laufen trotz der widrigen Umst\u00e4nde dieser Tage intern auf Hochtouren. Dabei steht fest, den Umst\u00e4nden geschuldet: Die Veranstaltung wird nur nicht\u00f6ffentlich m\u00f6glich sein. In der Mitgliederversammlung am 2.7.2020 ergaben sich folgende \u00c4nderungen zum Jahresplan: Vorl\u00e4ufiger Ablauf Sch\u00fctzenfest, dieses Jahr nur <strong>vereinsintern<\/strong>:<\/p>\n<p><img data-recalc-dims=\"1\" loading=\"lazy\" decoding=\"async\" class=\"alignleft wp-image-845 \" src=\"https:\/\/i0.wp.com\/schuetzenverein-pegau.de\/wp-content\/uploads\/2020\/07\/Adler3a.jpg?resize=326%2C339&#038;ssl=1\" alt=\"\" width=\"326\" height=\"339\" srcset=\"https:\/\/i0.wp.com\/schuetzenverein-pegau.de\/wp-content\/uploads\/2020\/07\/Adler3a.jpg?resize=289%2C300&amp;ssl=1 289w, https:\/\/i0.wp.com\/schuetzenverein-pegau.de\/wp-content\/uploads\/2020\/07\/Adler3a.jpg?w=620&amp;ssl=1 620w\" sizes=\"auto, (max-width: 326px) 100vw, 326px\" \/><\/p>\n<p>Mittwoch: Essen bei der amtierenden Apfelk\u00f6nigin Freitags findet der Wettkampf zur Bestimmung der neuen Apfelk\u00f6nigin, des Kinder- und Jugendk\u00f6nigs statt. Am Samstag stehen 10.00 Uhr das K\u00f6nigsschie\u00dfen im Sch\u00fctzenhaus an, 12.00 Uhr Mittagessen gesponsert vom alten Sch\u00fctzenk\u00f6nig und ab 18.00 Uhr Abendveranstaltung mit Fototermin, Ehrungen und Auszeichnungen. W\u00e4hrend des K\u00f6nigsschie\u00dfens wird die Ermittlung des Vereinsmeisters nachgeholt. Der Rundenwettkampf, Groitzsch, Pegau, R\u00f6tha und Zwenkau, wird auf 2021 verschoben. Das Vereinsjubil\u00e4um, 30-j\u00e4hriges Bestehen seit Wiedergr\u00fcndung 1990, wird in diesem Jahr nicht gefeiert, ein Nachholetermin steht noch nicht fest.<\/p>\n<p>Unsere Internetseite ist wieder online. Neuigkeiten werden dort zeitnah ver\u00f6ffentlichtSie finden uns im Internet: http:\/\/www.schuetzenverein-pegau.de, Kritik und Hinweise an schubert.pegau@web.de<\/p>\n<p><strong>\u00a0<\/strong>H. Schubert<\/p>\n","protected":false},"excerpt":{"rendered":"<p>Die Stilllegung des Vereinslebens wird unter strenger Einhaltung der Auflagen schrittweise aufgehoben. Der Trainingsbetrieb, mit Mundschutz und Abstand, ist wieder m\u00f6glich. So fand auch die Versammlung Juli, wie geplant am Donnerstag 2.7.2020, statt mit den\u00a0 Schwerpunkten: Jahreshauptversammlung und Sch\u00fctzenfest. Nach der Ersterw\u00e4hnung der Pegauer Pfeilsch\u00fctzen 1444 und des Fortbestandes durch die Jahrhunderte gab es eine &hellip; <\/p>\n<p class=\"link-more\"><a href=\"https:\/\/schuetzenverein-pegau.de\/?p=832\" class=\"more-link\"><span class=\"screen-reader-text\">\u201eIm Zeichen von Corona &#8211; Juli 2020\u201c <\/span>weiterlesen<\/a><\/p>\n","protected":false},"author":4,"featured_media":0,"comment_status":"closed","ping_status":"open","sticky":false,"template":"","format":"standard","meta":{"advanced_seo_description":"","jetpack_seo_html_title":"","jetpack_seo_noindex":false,"_jetpack_memberships_contains_paid_content":false,"footnotes":"","jetpack_publicize_message":"","jetpack_publicize_feature_enabled":true,"jetpack_social_post_already_shared":false,"jetpack_social_options":{"image_generator_settings":{"template":"highway","default_image_id":0,"font":"","enabled":false},"version":2}},"categories":[1],"tags":[],"class_list":["post-832","post","type-post","status-publish","format-standard","hentry","category-uncategorized"],"jetpack_publicize_connections":[],"jetpack_featured_media_url":"","jetpack_sharing_enabled":true,"jetpack_likes_enabled":true,"_links":{"self":[{"href":"https:\/\/schuetzenverein-pegau.de\/index.php?rest_route=\/wp\/v2\/posts\/832","targetHints":{"allow":["GET"]}}],"collection":[{"href":"https:\/\/schuetzenverein-pegau.de\/index.php?rest_route=\/wp\/v2\/posts"}],"about":[{"href":"https:\/\/schuetzenverein-pegau.de\/index.php?rest_route=\/wp\/v2\/types\/post"}],"author":[{"embeddable":true,"href":"https:\/\/schuetzenverein-pegau.de\/index.php?rest_route=\/wp\/v2\/users\/4"}],"replies":[{"embeddable":true,"href":"https:\/\/schuetzenverein-pegau.de\/index.php?rest_route=%2Fwp%2Fv2%2Fcomments&post=832"}],"version-history":[{"count":13,"href":"https:\/\/schuetzenverein-pegau.de\/index.php?rest_route=\/wp\/v2\/posts\/832\/revisions"}],"predecessor-version":[{"id":848,"href":"https:\/\/schuetzenverein-pegau.de\/index.php?rest_route=\/wp\/v2\/posts\/832\/revisions\/848"}],"wp:attachment":[{"href":"https:\/\/schuetzenverein-pegau.de\/index.php?rest_route=%2Fwp%2Fv2%2Fmedia&parent=832"}],"wp:term":[{"taxonomy":"category","embeddable":true,"href":"https:\/\/schuetzenverein-pegau.de\/index.php?rest_route=%2Fwp%2Fv2%2Fcategories&post=832"},{"taxonomy":"post_tag","embeddable":true,"href":"https:\/\/schuetzenverein-pegau.de\/index.php?rest_route=%2Fwp%2Fv2%2Ftags&post=832"}],"curies":[{"name":"wp","href":"https:\/\/api.w.org\/{rel}","templated":true}]}}