{"id":813,"date":"2020-06-04T07:14:20","date_gmt":"2020-06-04T06:14:20","guid":{"rendered":"http:\/\/schuetzenverein-pegau.de\/?p=813"},"modified":"2020-06-16T21:54:56","modified_gmt":"2020-06-16T20:54:56","slug":"im-zeichen-von-corona-juni-2020","status":"publish","type":"post","link":"https:\/\/schuetzenverein-pegau.de\/?p=813","title":{"rendered":"Im Zeichen von Corona &#8211; Juni 2020"},"content":{"rendered":"\n<p style=\"color:#000000;font-size:11px\" class=\"has-text-color\">Auszug aus dem Amtsblatt Pegau vom 5.6.2020<\/p>\n\n\n\n<figure class=\"wp-block-image\"><img data-recalc-dims=\"1\" decoding=\"async\" src=\"https:\/\/i0.wp.com\/schuetzenverein-pegau.de\/wp-content\/uploads\/2020\/06\/6Allgemeiner-Sch%C3%BCtzenverein-zu-Pegau-14442020_Page_1.jpeg?w=525&#038;ssl=1\" alt=\"\"\/><figcaption><span style=\"color:#000000\" class=\"has-inline-color\"><em>Nach dem Redaktionsschluss erfahren:<br>Seit dem 22.5.2020 ist mit Einschr\u00e4nkungen der Sportbetrieb wieder m\u00f6glich. Es gelten die aktuellen Regeln f\u00fcr Abstand, Mund-Nase-Schutz und Personenzahl. <em>Schie\u00dfen f\u00fcr Senioren wieder am 21.6.2020<\/em><\/em>. <em>Eine Information zum Stattfinden des Sch\u00fctzenfestes, geplant vom 31.7. bis 2.8., ist bisher nicht m\u00f6glich<\/em>. <\/span><\/figcaption><\/figure>\n\n\n\n<p>&nbsp;<\/p>\n","protected":false},"excerpt":{"rendered":"<p>Auszug aus dem Amtsblatt Pegau vom 5.6.2020 &nbsp;<\/p>\n","protected":false},"author":4,"featured_media":0,"comment_status":"closed","ping_status":"open","sticky":false,"template":"","format":"standard","meta":{"advanced_seo_description":"","jetpack_seo_html_title":"","jetpack_seo_noindex":false,"_jetpack_memberships_contains_paid_content":false,"footnotes":"","jetpack_publicize_message":"","jetpack_publicize_feature_enabled":true,"jetpack_social_post_already_shared":false,"jetpack_social_options":{"image_generator_settings":{"template":"highway","default_image_id":0,"font":"","enabled":false},"version":2}},"categories":[1],"tags":[],"class_list":["post-813","post","type-post","status-publish","format-standard","hentry","category-uncategorized"],"jetpack_publicize_connections":[],"jetpack_featured_media_url":"","jetpack_sharing_enabled":true,"jetpack_likes_enabled":true,"_links":{"self":[{"href":"https:\/\/schuetzenverein-pegau.de\/index.php?rest_route=\/wp\/v2\/posts\/813","targetHints":{"allow":["GET"]}}],"collection":[{"href":"https:\/\/schuetzenverein-pegau.de\/index.php?rest_route=\/wp\/v2\/posts"}],"about":[{"href":"https:\/\/schuetzenverein-pegau.de\/index.php?rest_route=\/wp\/v2\/types\/post"}],"author":[{"embeddable":true,"href":"https:\/\/schuetzenverein-pegau.de\/index.php?rest_route=\/wp\/v2\/users\/4"}],"replies":[{"embeddable":true,"href":"https:\/\/schuetzenverein-pegau.de\/index.php?rest_route=%2Fwp%2Fv2%2Fcomments&post=813"}],"version-history":[{"count":10,"href":"https:\/\/schuetzenverein-pegau.de\/index.php?rest_route=\/wp\/v2\/posts\/813\/revisions"}],"predecessor-version":[{"id":826,"href":"https:\/\/schuetzenverein-pegau.de\/index.php?rest_route=\/wp\/v2\/posts\/813\/revisions\/826"}],"wp:attachment":[{"href":"https:\/\/schuetzenverein-pegau.de\/index.php?rest_route=%2Fwp%2Fv2%2Fmedia&parent=813"}],"wp:term":[{"taxonomy":"category","embeddable":true,"href":"https:\/\/schuetzenverein-pegau.de\/index.php?rest_route=%2Fwp%2Fv2%2Fcategories&post=813"},{"taxonomy":"post_tag","embeddable":true,"href":"https:\/\/schuetzenverein-pegau.de\/index.php?rest_route=%2Fwp%2Fv2%2Ftags&post=813"}],"curies":[{"name":"wp","href":"https:\/\/api.w.org\/{rel}","templated":true}]}}