{"id":332,"date":"2017-08-04T22:00:00","date_gmt":"2017-08-04T21:00:00","guid":{"rendered":"http:\/\/schuetzenverein-pegau.de\/?p=332"},"modified":"2020-03-25T17:52:41","modified_gmt":"2020-03-25T16:52:41","slug":"salutschuesse-und-eine-neue-schuetzenkoenigin-pegauer-schuetzen-treffen-ins-schwarze","status":"publish","type":"post","link":"https:\/\/schuetzenverein-pegau.de\/?p=332","title":{"rendered":"Salutsch\u00fcsse und eine neue Sch\u00fctzenk\u00f6nigin \u2013 Pegauer Sch\u00fctzen treffen ins Schwarze"},"content":{"rendered":"\n<p><a href=\"https:\/\/www.lvz.de\/Region\/Borna\/Salutschuesse-und-eine-neue-Schuetzenkoenigin-Pegauer-Schuetzen-treffen-ins-Schwarze\" target=\"_blank\" rel=\"noreferrer noopener\" aria-label=\" (opens in a new tab)\">https:\/\/www.lvz.de\/Region\/Borna\/Salutschuesse-und-eine-neue-Schuetzenkoenigin-Pegauer-Schuetzen-treffen-ins-Schwarze<\/a><\/p>\n","protected":false},"excerpt":{"rendered":"<p>https:\/\/www.lvz.de\/Region\/Borna\/Salutschuesse-und-eine-neue-Schuetzenkoenigin-Pegauer-Schuetzen-treffen-ins-Schwarze<\/p>\n","protected":false},"author":3,"featured_media":0,"comment_status":"closed","ping_status":"open","sticky":false,"template":"","format":"standard","meta":{"advanced_seo_description":"","jetpack_seo_html_title":"","jetpack_seo_noindex":false,"_jetpack_memberships_contains_paid_content":false,"footnotes":"","jetpack_publicize_message":"","jetpack_publicize_feature_enabled":true,"jetpack_social_post_already_shared":false,"jetpack_social_options":{"image_generator_settings":{"template":"highway","default_image_id":0,"font":"","enabled":false},"version":2}},"categories":[1],"tags":[],"class_list":["post-332","post","type-post","status-publish","format-standard","hentry","category-uncategorized"],"jetpack_publicize_connections":[],"jetpack_featured_media_url":"","jetpack_sharing_enabled":true,"jetpack_likes_enabled":true,"_links":{"self":[{"href":"https:\/\/schuetzenverein-pegau.de\/index.php?rest_route=\/wp\/v2\/posts\/332","targetHints":{"allow":["GET"]}}],"collection":[{"href":"https:\/\/schuetzenverein-pegau.de\/index.php?rest_route=\/wp\/v2\/posts"}],"about":[{"href":"https:\/\/schuetzenverein-pegau.de\/index.php?rest_route=\/wp\/v2\/types\/post"}],"author":[{"embeddable":true,"href":"https:\/\/schuetzenverein-pegau.de\/index.php?rest_route=\/wp\/v2\/users\/3"}],"replies":[{"embeddable":true,"href":"https:\/\/schuetzenverein-pegau.de\/index.php?rest_route=%2Fwp%2Fv2%2Fcomments&post=332"}],"version-history":[{"count":1,"href":"https:\/\/schuetzenverein-pegau.de\/index.php?rest_route=\/wp\/v2\/posts\/332\/revisions"}],"predecessor-version":[{"id":333,"href":"https:\/\/schuetzenverein-pegau.de\/index.php?rest_route=\/wp\/v2\/posts\/332\/revisions\/333"}],"wp:attachment":[{"href":"https:\/\/schuetzenverein-pegau.de\/index.php?rest_route=%2Fwp%2Fv2%2Fmedia&parent=332"}],"wp:term":[{"taxonomy":"category","embeddable":true,"href":"https:\/\/schuetzenverein-pegau.de\/index.php?rest_route=%2Fwp%2Fv2%2Fcategories&post=332"},{"taxonomy":"post_tag","embeddable":true,"href":"https:\/\/schuetzenverein-pegau.de\/index.php?rest_route=%2Fwp%2Fv2%2Ftags&post=332"}],"curies":[{"name":"wp","href":"https:\/\/api.w.org\/{rel}","templated":true}]}}