{"id":1263,"date":"2022-07-26T09:41:24","date_gmt":"2022-07-26T08:41:24","guid":{"rendered":"https:\/\/schuetzenverein-pegau.de\/?p=1263"},"modified":"2022-07-26T09:41:25","modified_gmt":"2022-07-26T08:41:25","slug":"31-schuetzenfest","status":"publish","type":"post","link":"https:\/\/schuetzenverein-pegau.de\/?p=1263","title":{"rendered":"31. Sch\u00fctzenfest"},"content":{"rendered":"\n<p>Nach langer Zeit der Einschr\u00e4nkungen: 2022 Sch\u00fctzenfest nach alter Tradition<\/p>\n\n\n\n<figure class=\"wp-block-image size-large\"><img data-recalc-dims=\"1\" loading=\"lazy\" decoding=\"async\" width=\"525\" height=\"743\" src=\"https:\/\/i0.wp.com\/schuetzenverein-pegau.de\/wp-content\/uploads\/2022\/07\/SCH2022August.jpg?resize=525%2C743&#038;ssl=1\" alt=\"\" class=\"wp-image-1264\" srcset=\"https:\/\/i0.wp.com\/schuetzenverein-pegau.de\/wp-content\/uploads\/2022\/07\/SCH2022August-scaled.jpg?resize=724%2C1024&amp;ssl=1 724w, https:\/\/i0.wp.com\/schuetzenverein-pegau.de\/wp-content\/uploads\/2022\/07\/SCH2022August-scaled.jpg?resize=212%2C300&amp;ssl=1 212w, https:\/\/i0.wp.com\/schuetzenverein-pegau.de\/wp-content\/uploads\/2022\/07\/SCH2022August-scaled.jpg?resize=768%2C1086&amp;ssl=1 768w, https:\/\/i0.wp.com\/schuetzenverein-pegau.de\/wp-content\/uploads\/2022\/07\/SCH2022August-scaled.jpg?resize=1086%2C1536&amp;ssl=1 1086w, https:\/\/i0.wp.com\/schuetzenverein-pegau.de\/wp-content\/uploads\/2022\/07\/SCH2022August-scaled.jpg?resize=1448%2C2048&amp;ssl=1 1448w, https:\/\/i0.wp.com\/schuetzenverein-pegau.de\/wp-content\/uploads\/2022\/07\/SCH2022August-scaled.jpg?w=1810&amp;ssl=1 1810w, https:\/\/i0.wp.com\/schuetzenverein-pegau.de\/wp-content\/uploads\/2022\/07\/SCH2022August-scaled.jpg?w=1575&amp;ssl=1 1575w\" sizes=\"auto, (max-width: 525px) 100vw, 525px\" \/><\/figure>\n\n\n\n<p>Wir freuen uns auf zahlreiche G\u00e4ste und ein gutes Gelingen.<\/p>\n","protected":false},"excerpt":{"rendered":"<p>Nach langer Zeit der Einschr\u00e4nkungen: 2022 Sch\u00fctzenfest nach alter Tradition Wir freuen uns auf zahlreiche G\u00e4ste und ein gutes Gelingen.<\/p>\n","protected":false},"author":4,"featured_media":0,"comment_status":"closed","ping_status":"open","sticky":false,"template":"","format":"standard","meta":{"advanced_seo_description":"","jetpack_seo_html_title":"","jetpack_seo_noindex":false,"_jetpack_memberships_contains_paid_content":false,"footnotes":"","jetpack_publicize_message":"","jetpack_publicize_feature_enabled":true,"jetpack_social_post_already_shared":true,"jetpack_social_options":{"image_generator_settings":{"template":"highway","default_image_id":0,"font":"","enabled":false},"version":2}},"categories":[1],"tags":[],"class_list":["post-1263","post","type-post","status-publish","format-standard","hentry","category-uncategorized"],"jetpack_publicize_connections":[],"jetpack_featured_media_url":"","jetpack_sharing_enabled":true,"jetpack_likes_enabled":true,"_links":{"self":[{"href":"https:\/\/schuetzenverein-pegau.de\/index.php?rest_route=\/wp\/v2\/posts\/1263","targetHints":{"allow":["GET"]}}],"collection":[{"href":"https:\/\/schuetzenverein-pegau.de\/index.php?rest_route=\/wp\/v2\/posts"}],"about":[{"href":"https:\/\/schuetzenverein-pegau.de\/index.php?rest_route=\/wp\/v2\/types\/post"}],"author":[{"embeddable":true,"href":"https:\/\/schuetzenverein-pegau.de\/index.php?rest_route=\/wp\/v2\/users\/4"}],"replies":[{"embeddable":true,"href":"https:\/\/schuetzenverein-pegau.de\/index.php?rest_route=%2Fwp%2Fv2%2Fcomments&post=1263"}],"version-history":[{"count":2,"href":"https:\/\/schuetzenverein-pegau.de\/index.php?rest_route=\/wp\/v2\/posts\/1263\/revisions"}],"predecessor-version":[{"id":1266,"href":"https:\/\/schuetzenverein-pegau.de\/index.php?rest_route=\/wp\/v2\/posts\/1263\/revisions\/1266"}],"wp:attachment":[{"href":"https:\/\/schuetzenverein-pegau.de\/index.php?rest_route=%2Fwp%2Fv2%2Fmedia&parent=1263"}],"wp:term":[{"taxonomy":"category","embeddable":true,"href":"https:\/\/schuetzenverein-pegau.de\/index.php?rest_route=%2Fwp%2Fv2%2Fcategories&post=1263"},{"taxonomy":"post_tag","embeddable":true,"href":"https:\/\/schuetzenverein-pegau.de\/index.php?rest_route=%2Fwp%2Fv2%2Ftags&post=1263"}],"curies":[{"name":"wp","href":"https:\/\/api.w.org\/{rel}","templated":true}]}}