{"id":1244,"date":"2022-02-12T09:23:28","date_gmt":"2022-02-12T08:23:28","guid":{"rendered":"https:\/\/schuetzenverein-pegau.de\/?p=1244"},"modified":"2022-02-12T09:53:45","modified_gmt":"2022-02-12T08:53:45","slug":"elementor-1244","status":"publish","type":"post","link":"https:\/\/schuetzenverein-pegau.de\/?p=1244","title":{"rendered":"Aussichten 2022, Jahr 3 i. Corona"},"content":{"rendered":"<p><strong><em><u>JAHRESPLAN 2022<\/u><\/em><\/strong><\/p>\n<table>\n<tbody>\n<tr>\n<td width=\"189\">\n<p><strong><em>Datum<\/em><\/strong><\/p>\n<\/td>\n<td width=\"567\">\n<p><strong><em>Veranstaltung<\/em><\/strong><\/p>\n<\/td>\n<\/tr>\n<tr>\n<td width=\"189\">\n<p><strong><em>03.03.22<\/em><\/strong><\/p>\n<p><strong><em>26.03.22<\/em><\/strong><\/p>\n<\/td>\n<td width=\"567\">\n<p><strong><em>MV<\/em><\/strong><\/p>\n<p><strong><em>Fr\u00fchjahrsschie\u00dfen ab 15.00 Uhr<\/em><\/strong><\/p>\n<\/td>\n<\/tr>\n<tr>\n<td width=\"189\">\n<p><strong><em>01.04.22<\/em><\/strong><\/p>\n<\/td>\n<td width=\"567\">\n<p><strong><em>Jahreshauptversammlung<\/em><\/strong><\/p>\n<\/td>\n<\/tr>\n<tr>\n<td width=\"189\">\n<p><strong><em>05.05.22<\/em><\/strong><\/p>\n<p><strong><em>26.05.22<\/em><\/strong><\/p>\n<\/td>\n<td width=\"567\">\n<p><strong><em>MV<\/em><\/strong><\/p>\n<p><strong><em>Himmelfahrt<\/em><\/strong><\/p>\n<\/td>\n<\/tr>\n<tr>\n<td width=\"189\">\n<p><strong><em>02.06.22<\/em><\/strong><\/p>\n<\/td>\n<td width=\"567\">\n<p><strong><em>MV<\/em><\/strong><\/p>\n<\/td>\n<\/tr>\n<tr>\n<td width=\"189\">\n<p><strong><em>07.07.22<\/em><\/strong><\/p>\n<\/td>\n<td width=\"567\">\n<p><strong><em>MV<\/em><\/strong><\/p>\n<\/td>\n<\/tr>\n<tr>\n<td width=\"189\">\n<p><strong><em>04.\/05.\/06.08<\/em><\/strong><\/p>\n<\/td>\n<td width=\"567\">\n<p><strong><em>MV und Sch\u00fctzenfest<\/em><\/strong><\/p>\n<\/td>\n<\/tr>\n<tr>\n<td width=\"189\">\n<p><strong><em>01.09.22<\/em><\/strong><\/p>\n<\/td>\n<td width=\"567\">\n<p><strong><em>MV<\/em><\/strong><\/p>\n<\/td>\n<\/tr>\n<tr>\n<td width=\"189\">\n<p><strong><em>06.10.22<\/em><\/strong><\/p>\n<p><strong><em>15.10.22<\/em><\/strong><\/p>\n<\/td>\n<td width=\"567\">\n<p><strong><em>MV<\/em><\/strong><\/p>\n<p><strong><em>Herbstschie\u00dfen ab 15.00 Uhr<\/em><\/strong><\/p>\n<\/td>\n<\/tr>\n<tr>\n<td width=\"189\">\n<p><strong><em>03.11.22<\/em><\/strong><\/p>\n<p><strong><em>12.11.22<\/em><\/strong><\/p>\n<\/td>\n<td width=\"567\">\n<p><strong><em>MV<\/em><\/strong><\/p>\n<p><strong><em>Rundenwettkampf (voraussichtlich)<\/em><\/strong><\/p>\n<\/td>\n<\/tr>\n<tr>\n<td width=\"189\">\n<p><strong><em>01.12.22<\/em><\/strong><\/p>\n<p><strong><em>10.12.22<\/em><\/strong><\/p>\n<\/td>\n<td width=\"567\">\n<p><strong><em>MV<\/em><\/strong><\/p>\n<p><strong><em>Vereinsweihnachtsfeier<\/em><\/strong><\/p>\n<\/td>\n<\/tr>\n<\/tbody>\n<\/table>\n<figure>\n\t\t\t\t\t\t\t\t\t\t<img data-recalc-dims=\"1\" decoding=\"async\" width=\"272\" height=\"185\" src=\"https:\/\/i0.wp.com\/schuetzenverein-pegau.de\/wp-content\/uploads\/2022\/01\/Schuetzmittelalter-2.jpg?resize=272%2C185&#038;ssl=1\" alt=\"\" loading=\"lazy\" sizes=\"auto, 100vw\" \/><figcaption>Vogelschie\u00dfen im Mittelalter<\/figcaption><\/figure>\n<figure>\n\t\t\t\t\t\t\t\t\t\t<img data-recalc-dims=\"1\" decoding=\"async\" width=\"525\" height=\"453\" src=\"https:\/\/i0.wp.com\/schuetzenverein-pegau.de\/wp-content\/uploads\/2021\/07\/VogelschB.jpg?resize=525%2C453&#038;ssl=1\" alt=\"\" loading=\"lazy\" srcset=\"https:\/\/i0.wp.com\/schuetzenverein-pegau.de\/wp-content\/uploads\/2021\/07\/VogelschB.jpg?w=567 567w, https:\/\/i0.wp.com\/schuetzenverein-pegau.de\/wp-content\/uploads\/2021\/07\/VogelschB.jpg?resize=300%2C259 300w\" sizes=\"auto, 100vw\" \/><figcaption>Heute Sch\u00fctzenfest<\/figcaption><\/figure>\n<p><strong>Weitere Termine sind, sowie der gesamte Jahresplan, abh\u00e4ngig von der weiteren Entwicklung der Corona-Pandemie. Der weitere Verlauf ist noch nicht absehbar. Wenn es dazu kommt, dass wir mit den diversen Auspr\u00e4gungen von Corona werden leben m\u00fcssen, ist eine Konzeption erforderlich, die den Vereinsbetrieb in angepasster Form erm\u00f6glicht und Stillstand vermeidet<\/strong><\/p>\n","protected":false},"excerpt":{"rendered":"<p>JAHRESPLAN 2022 Datum Veranstaltung 03.03.22 26.03.22 MV Fr\u00fchjahrsschie\u00dfen ab 15.00 Uhr 01.04.22 Jahreshauptversammlung 05.05.22 26.05.22 MV Himmelfahrt 02.06.22 MV 07.07.22 MV 04.\/05.\/06.08 MV und Sch\u00fctzenfest 01.09.22 MV 06.10.22 15.10.22 MV Herbstschie\u00dfen ab 15.00 Uhr 03.11.22 12.11.22 MV Rundenwettkampf (voraussichtlich) 01.12.22 10.12.22 MV Vereinsweihnachtsfeier Vogelschie\u00dfen im Mittelalter Heute Sch\u00fctzenfest Weitere Termine sind, sowie der gesamte Jahresplan, &hellip; <\/p>\n<p class=\"link-more\"><a href=\"https:\/\/schuetzenverein-pegau.de\/?p=1244\" class=\"more-link\"><span class=\"screen-reader-text\">\u201eAussichten 2022, Jahr 3 i. Corona\u201c <\/span>weiterlesen<\/a><\/p>\n","protected":false},"author":4,"featured_media":0,"comment_status":"closed","ping_status":"open","sticky":false,"template":"","format":"standard","meta":{"advanced_seo_description":"","jetpack_seo_html_title":"","jetpack_seo_noindex":false,"_jetpack_memberships_contains_paid_content":false,"footnotes":"","jetpack_publicize_message":"","jetpack_publicize_feature_enabled":true,"jetpack_social_post_already_shared":false,"jetpack_social_options":{"image_generator_settings":{"template":"highway","default_image_id":0,"font":"","enabled":false},"version":2}},"categories":[1],"tags":[],"class_list":["post-1244","post","type-post","status-publish","format-standard","hentry","category-uncategorized"],"jetpack_publicize_connections":[],"jetpack_featured_media_url":"","jetpack_sharing_enabled":true,"jetpack_likes_enabled":true,"_links":{"self":[{"href":"https:\/\/schuetzenverein-pegau.de\/index.php?rest_route=\/wp\/v2\/posts\/1244","targetHints":{"allow":["GET"]}}],"collection":[{"href":"https:\/\/schuetzenverein-pegau.de\/index.php?rest_route=\/wp\/v2\/posts"}],"about":[{"href":"https:\/\/schuetzenverein-pegau.de\/index.php?rest_route=\/wp\/v2\/types\/post"}],"author":[{"embeddable":true,"href":"https:\/\/schuetzenverein-pegau.de\/index.php?rest_route=\/wp\/v2\/users\/4"}],"replies":[{"embeddable":true,"href":"https:\/\/schuetzenverein-pegau.de\/index.php?rest_route=%2Fwp%2Fv2%2Fcomments&post=1244"}],"version-history":[{"count":17,"href":"https:\/\/schuetzenverein-pegau.de\/index.php?rest_route=\/wp\/v2\/posts\/1244\/revisions"}],"predecessor-version":[{"id":1261,"href":"https:\/\/schuetzenverein-pegau.de\/index.php?rest_route=\/wp\/v2\/posts\/1244\/revisions\/1261"}],"wp:attachment":[{"href":"https:\/\/schuetzenverein-pegau.de\/index.php?rest_route=%2Fwp%2Fv2%2Fmedia&parent=1244"}],"wp:term":[{"taxonomy":"category","embeddable":true,"href":"https:\/\/schuetzenverein-pegau.de\/index.php?rest_route=%2Fwp%2Fv2%2Fcategories&post=1244"},{"taxonomy":"post_tag","embeddable":true,"href":"https:\/\/schuetzenverein-pegau.de\/index.php?rest_route=%2Fwp%2Fv2%2Ftags&post=1244"}],"curies":[{"name":"wp","href":"https:\/\/api.w.org\/{rel}","templated":true}]}}