{"id":1078,"date":"2021-07-11T08:07:23","date_gmt":"2021-07-11T07:07:23","guid":{"rendered":"https:\/\/schuetzenverein-pegau.de\/?p=1078"},"modified":"2021-07-11T08:07:26","modified_gmt":"2021-07-11T07:07:26","slug":"29-schuetzenfest-2021","status":"publish","type":"post","link":"https:\/\/schuetzenverein-pegau.de\/?p=1078","title":{"rendered":"29. Sch\u00fctzenfest 2021"},"content":{"rendered":"<p>17.7.2021<br \/>\nAb 18.00 Uhr Apfelk\u00f6nigin-Biwak, eingeladen sind alle Kameradinnen und die\u00a0 \u00a0 \u00a0 Ehefrauen der Kameraden<\/p>\n<p>24.7.2021<br \/>\n13.00Uhr K\u00f6nigsschie\u00dfen auf dem Sch\u00fctzenplatz, anschlie\u00dfend Essen und Gem\u00fctliches im Sch\u00fctzenhaus<\/p>\n<p><img data-recalc-dims=\"1\" loading=\"lazy\" decoding=\"async\" class=\"size-medium wp-image-1082 aligncenter\" src=\"https:\/\/i0.wp.com\/schuetzenverein-pegau.de\/wp-content\/uploads\/2021\/07\/VogelschB.jpg?resize=300%2C259&#038;ssl=1\" alt=\"\" width=\"300\" height=\"259\" srcset=\"https:\/\/i0.wp.com\/schuetzenverein-pegau.de\/wp-content\/uploads\/2021\/07\/VogelschB.jpg?resize=300%2C259&amp;ssl=1 300w, https:\/\/i0.wp.com\/schuetzenverein-pegau.de\/wp-content\/uploads\/2021\/07\/VogelschB.jpg?w=567&amp;ssl=1 567w\" sizes=\"auto, (max-width: 300px) 100vw, 300px\" \/><\/p>\n<p>29.7.2021<br \/>\nAb 10.00 Uhr Aufbau auf dem Parkplatz\u00a0 am Sch\u00fctzenhaus, Versammlung 19.00 Uhr: letzte Absprachen<\/p>\n<p>30.7.2021<br \/>\nAb 18.00 Uhr: Sch\u00fctzenfest intern, der amtierende Sch\u00fctzenk\u00f6nig gibt seinen Ausstand, Ausschie\u00dfen der neuen Apfelk\u00f6nigin<\/p>\n<p>31.7.2021<br \/>\nAb 18.00 Uhr Sch\u00fctzenfest am Sch\u00fctzenhaus, \u00f6ffentlich, Ehrungen, Salut und allerlei Unterhaltung. F\u00fcr Essen und Trinken ist bestens gesorgt.<\/p>\n<p>1.8.2021<br \/>\n9.30 Uhr K\u00f6nigsfr\u00fchst\u00fcck, anschlie\u00dfend ca. 10.30 Uhr Fototermin am Rathaus<\/p>\n","protected":false},"excerpt":{"rendered":"<p>17.7.2021 Ab 18.00 Uhr Apfelk\u00f6nigin-Biwak, eingeladen sind alle Kameradinnen und die\u00a0 \u00a0 \u00a0 Ehefrauen der Kameraden 24.7.2021 13.00Uhr K\u00f6nigsschie\u00dfen auf dem Sch\u00fctzenplatz, anschlie\u00dfend Essen und Gem\u00fctliches im Sch\u00fctzenhaus 29.7.2021 Ab 10.00 Uhr Aufbau auf dem Parkplatz\u00a0 am Sch\u00fctzenhaus, Versammlung 19.00 Uhr: letzte Absprachen 30.7.2021 Ab 18.00 Uhr: Sch\u00fctzenfest intern, der amtierende Sch\u00fctzenk\u00f6nig gibt seinen Ausstand, &hellip; <\/p>\n<p class=\"link-more\"><a href=\"https:\/\/schuetzenverein-pegau.de\/?p=1078\" class=\"more-link\"><span class=\"screen-reader-text\">\u201e29. Sch\u00fctzenfest 2021\u201c <\/span>weiterlesen<\/a><\/p>\n","protected":false},"author":4,"featured_media":0,"comment_status":"closed","ping_status":"open","sticky":false,"template":"","format":"standard","meta":{"advanced_seo_description":"","jetpack_seo_html_title":"","jetpack_seo_noindex":false,"_jetpack_memberships_contains_paid_content":false,"footnotes":"","jetpack_publicize_message":"","jetpack_publicize_feature_enabled":true,"jetpack_social_post_already_shared":false,"jetpack_social_options":{"image_generator_settings":{"template":"highway","default_image_id":0,"font":"","enabled":false},"version":2}},"categories":[1],"tags":[],"class_list":["post-1078","post","type-post","status-publish","format-standard","hentry","category-uncategorized"],"jetpack_publicize_connections":[],"jetpack_featured_media_url":"","jetpack_sharing_enabled":true,"jetpack_likes_enabled":true,"_links":{"self":[{"href":"https:\/\/schuetzenverein-pegau.de\/index.php?rest_route=\/wp\/v2\/posts\/1078","targetHints":{"allow":["GET"]}}],"collection":[{"href":"https:\/\/schuetzenverein-pegau.de\/index.php?rest_route=\/wp\/v2\/posts"}],"about":[{"href":"https:\/\/schuetzenverein-pegau.de\/index.php?rest_route=\/wp\/v2\/types\/post"}],"author":[{"embeddable":true,"href":"https:\/\/schuetzenverein-pegau.de\/index.php?rest_route=\/wp\/v2\/users\/4"}],"replies":[{"embeddable":true,"href":"https:\/\/schuetzenverein-pegau.de\/index.php?rest_route=%2Fwp%2Fv2%2Fcomments&post=1078"}],"version-history":[{"count":7,"href":"https:\/\/schuetzenverein-pegau.de\/index.php?rest_route=\/wp\/v2\/posts\/1078\/revisions"}],"predecessor-version":[{"id":1086,"href":"https:\/\/schuetzenverein-pegau.de\/index.php?rest_route=\/wp\/v2\/posts\/1078\/revisions\/1086"}],"wp:attachment":[{"href":"https:\/\/schuetzenverein-pegau.de\/index.php?rest_route=%2Fwp%2Fv2%2Fmedia&parent=1078"}],"wp:term":[{"taxonomy":"category","embeddable":true,"href":"https:\/\/schuetzenverein-pegau.de\/index.php?rest_route=%2Fwp%2Fv2%2Fcategories&post=1078"},{"taxonomy":"post_tag","embeddable":true,"href":"https:\/\/schuetzenverein-pegau.de\/index.php?rest_route=%2Fwp%2Fv2%2Ftags&post=1078"}],"curies":[{"name":"wp","href":"https:\/\/api.w.org\/{rel}","templated":true}]}}