{"id":1046,"date":"2021-02-12T11:26:35","date_gmt":"2021-02-12T10:26:35","guid":{"rendered":"http:\/\/schuetzenverein-pegau.de\/?p=1046"},"modified":"2021-02-12T11:26:46","modified_gmt":"2021-02-12T10:26:46","slug":"aussichten-2021-jahr-2i-corona","status":"publish","type":"post","link":"https:\/\/schuetzenverein-pegau.de\/?p=1046","title":{"rendered":"Aussichten 2021, Jahr 2i. Corona"},"content":{"rendered":"<p>Sofern es Corona zul\u00e4sst, sollen folgende H\u00f6hepunkte die Vereinsaktivit\u00e4ten pr\u00e4gen:<br \/>April Hauptversammlung<br \/>Mai Himmelfahrt Fr\u00fchschoppen<br \/>30.7 \/ 1.8. Sch\u00fctzenfest<br \/>4.9. \/ 11.9. Festwoche 925 Jahre Pegau, Ersterw\u00e4hnung 1096<br \/>November 30-j\u00e4hr.\u00a0 Jubil\u00e4um Wiedergr\u00fcndung des Sch\u00fctzenvereins, Nachholung<br \/>Dezember Weihnachtsfeier<\/p>\n<p><em>H. Schubert<\/em><\/p>\n<figure>\n\t\t\t\t\t\t\t\t\t\t<img data-recalc-dims=\"1\" decoding=\"async\" width=\"525\" height=\"357\" src=\"https:\/\/i0.wp.com\/schuetzenverein-pegau.de\/wp-content\/uploads\/2021\/02\/Scan21_20210116_163822.jpg?resize=525%2C357&#038;ssl=1\" alt=\"\" loading=\"lazy\" srcset=\"https:\/\/i2.wp.com\/schuetzenverein-pegau.de\/wp-content\/uploads\/2021\/02\/Scan21_20210116_163822.jpg?resize=1024%2C696 1024w, https:\/\/i2.wp.com\/schuetzenverein-pegau.de\/wp-content\/uploads\/2021\/02\/Scan21_20210116_163822.jpg?resize=300%2C204 300w, https:\/\/i2.wp.com\/schuetzenverein-pegau.de\/wp-content\/uploads\/2021\/02\/Scan21_20210116_163822.jpg?resize=768%2C522 768w, https:\/\/i2.wp.com\/schuetzenverein-pegau.de\/wp-content\/uploads\/2021\/02\/Scan21_20210116_163822.jpg?w=1053 1053w\" sizes=\"auto, 100vw\" \/><figcaption>Retrospektive 900 Jahre Pegau <\/figcaption><\/figure>\n<figure>\n\t\t\t\t\t\t\t\t\t\t<img data-recalc-dims=\"1\" decoding=\"async\" width=\"525\" height=\"1022\" src=\"https:\/\/i0.wp.com\/schuetzenverein-pegau.de\/wp-content\/uploads\/2021\/02\/5schf.jpg?resize=525%2C1022&#038;ssl=1\" alt=\"\" loading=\"lazy\" srcset=\"https:\/\/i1.wp.com\/schuetzenverein-pegau.de\/wp-content\/uploads\/2021\/02\/5schf.jpg?resize=526%2C1024 526w, https:\/\/i1.wp.com\/schuetzenverein-pegau.de\/wp-content\/uploads\/2021\/02\/5schf.jpg?resize=154%2C300 154w, https:\/\/i1.wp.com\/schuetzenverein-pegau.de\/wp-content\/uploads\/2021\/02\/5schf.jpg?resize=768%2C1494 768w, https:\/\/i1.wp.com\/schuetzenverein-pegau.de\/wp-content\/uploads\/2021\/02\/5schf.jpg?resize=789%2C1536 789w, https:\/\/i1.wp.com\/schuetzenverein-pegau.de\/wp-content\/uploads\/2021\/02\/5schf.jpg?resize=1052%2C2048 1052w, https:\/\/i1.wp.com\/schuetzenverein-pegau.de\/wp-content\/uploads\/2021\/02\/5schf.jpg?w=1258 1258w\" sizes=\"auto, 100vw\" \/><figcaption>Sch\u00fctzenk\u00f6nigin Frau Landrock<\/figcaption><\/figure>\n<figure>\n\t\t\t\t\t\t\t\t\t\t<img data-recalc-dims=\"1\" decoding=\"async\" width=\"525\" height=\"358\" src=\"https:\/\/i0.wp.com\/schuetzenverein-pegau.de\/wp-content\/uploads\/2021\/02\/Scan21_20210116_163436.jpg?resize=525%2C358&#038;ssl=1\" alt=\"\" loading=\"lazy\" srcset=\"https:\/\/i1.wp.com\/schuetzenverein-pegau.de\/wp-content\/uploads\/2021\/02\/Scan21_20210116_163436.jpg?resize=1024%2C698 1024w, https:\/\/i1.wp.com\/schuetzenverein-pegau.de\/wp-content\/uploads\/2021\/02\/Scan21_20210116_163436.jpg?resize=300%2C205 300w, https:\/\/i1.wp.com\/schuetzenverein-pegau.de\/wp-content\/uploads\/2021\/02\/Scan21_20210116_163436.jpg?resize=768%2C524 768w, https:\/\/i1.wp.com\/schuetzenverein-pegau.de\/wp-content\/uploads\/2021\/02\/Scan21_20210116_163436.jpg?w=1062 1062w\" sizes=\"auto, 100vw\" \/><figcaption>Der Sch\u00fctzenverein zur 900-Jahrfeier<\/figcaption><\/figure>\n","protected":false},"excerpt":{"rendered":"<p>Sofern es Corona zul\u00e4sst, sollen folgende H\u00f6hepunkte die Vereinsaktivit\u00e4ten pr\u00e4gen:April HauptversammlungMai Himmelfahrt Fr\u00fchschoppen30.7 \/ 1.8. Sch\u00fctzenfest4.9. \/ 11.9. Festwoche 925 Jahre Pegau, Ersterw\u00e4hnung 1096November 30-j\u00e4hr.\u00a0 Jubil\u00e4um Wiedergr\u00fcndung des Sch\u00fctzenvereins, NachholungDezember Weihnachtsfeier H. Schubert Retrospektive 900 Jahre Pegau Sch\u00fctzenk\u00f6nigin Frau Landrock Der Sch\u00fctzenverein zur 900-Jahrfeier<\/p>\n","protected":false},"author":4,"featured_media":0,"comment_status":"closed","ping_status":"open","sticky":false,"template":"","format":"standard","meta":{"advanced_seo_description":"","jetpack_seo_html_title":"","jetpack_seo_noindex":false,"_jetpack_memberships_contains_paid_content":false,"footnotes":"","jetpack_publicize_message":"","jetpack_publicize_feature_enabled":true,"jetpack_social_post_already_shared":false,"jetpack_social_options":{"image_generator_settings":{"template":"highway","default_image_id":0,"font":"","enabled":false},"version":2}},"categories":[1],"tags":[],"class_list":["post-1046","post","type-post","status-publish","format-standard","hentry","category-uncategorized"],"jetpack_publicize_connections":[],"jetpack_featured_media_url":"","jetpack_sharing_enabled":true,"jetpack_likes_enabled":true,"_links":{"self":[{"href":"https:\/\/schuetzenverein-pegau.de\/index.php?rest_route=\/wp\/v2\/posts\/1046","targetHints":{"allow":["GET"]}}],"collection":[{"href":"https:\/\/schuetzenverein-pegau.de\/index.php?rest_route=\/wp\/v2\/posts"}],"about":[{"href":"https:\/\/schuetzenverein-pegau.de\/index.php?rest_route=\/wp\/v2\/types\/post"}],"author":[{"embeddable":true,"href":"https:\/\/schuetzenverein-pegau.de\/index.php?rest_route=\/wp\/v2\/users\/4"}],"replies":[{"embeddable":true,"href":"https:\/\/schuetzenverein-pegau.de\/index.php?rest_route=%2Fwp%2Fv2%2Fcomments&post=1046"}],"version-history":[{"count":8,"href":"https:\/\/schuetzenverein-pegau.de\/index.php?rest_route=\/wp\/v2\/posts\/1046\/revisions"}],"predecessor-version":[{"id":1057,"href":"https:\/\/schuetzenverein-pegau.de\/index.php?rest_route=\/wp\/v2\/posts\/1046\/revisions\/1057"}],"wp:attachment":[{"href":"https:\/\/schuetzenverein-pegau.de\/index.php?rest_route=%2Fwp%2Fv2%2Fmedia&parent=1046"}],"wp:term":[{"taxonomy":"category","embeddable":true,"href":"https:\/\/schuetzenverein-pegau.de\/index.php?rest_route=%2Fwp%2Fv2%2Fcategories&post=1046"},{"taxonomy":"post_tag","embeddable":true,"href":"https:\/\/schuetzenverein-pegau.de\/index.php?rest_route=%2Fwp%2Fv2%2Ftags&post=1046"}],"curies":[{"name":"wp","href":"https:\/\/api.w.org\/{rel}","templated":true}]}}